{"id":5330,"date":"2026-03-01T23:01:39","date_gmt":"2026-03-01T22:01:39","guid":{"rendered":"https:\/\/munsterjazz.fr\/index.php\/2026\/03\/01\/batucada-blocos-afros-copy\/"},"modified":"2026-04-20T12:22:17","modified_gmt":"2026-04-20T10:22:17","slug":"tsok_atimo_2026","status":"publish","type":"post","link":"https:\/\/munsterjazz.fr\/index.php\/2026\/03\/01\/tsok_atimo_2026\/","title":{"rendered":"Tsiok&#8217;Atimo"},"content":{"rendered":"\n<p class=\" has-text-align-left eplus-wrapper\">Samedi 16 mai 2026, 18 h Foyer Saint L\u00e9ger<br><strong>Entr\u00e9e libre<\/strong><br><\/p>\n\n\n\n<p class=\" eplus-wrapper\">Quartet Malagasy Jazz strasbourgeois au style de musique \u00e0 mi-chemin entre le jazz et la musique traditionnelle malgache. Une alliance inattendue qui r\u00e9unit tradition et modernit\u00e9, racines et innovation. Le groupe est port\u00e9 par le guitariste\/compositeur St\u00e8ve Zafifou, originaire de Madagascar, m\u00e9langeant ses influences musicale et culturelle au jazz moderne et au groove.<\/p>\n\n\n\n<p class=\" eplus-wrapper\">Le r\u00e9sultat ? Des m\u00e9lodies aux couleurs vari\u00e9es et une multitude de surprises auditives. Parmi leurs influences, on peut citer des figures majeures du jazz moderne, tels que le guitariste Kurt Rosenwinkel et la saxophoniste Nubya Garcia, ainsi que des groupes comme Snarky Puppy ou Panam Panic, sans oublier des artistes malgaches tels que SoloRazaf ou D\u2019Gary.<\/p>\n\n\n\n<p class=\" eplus-wrapper\"><strong>St\u00e8ve Zafifou : guitare \/ compositions<br>Bastien Griat : saxophone<br>Paul Touchot : basse \u00e9lectrique<br>Milan <strong>Kohlhass<\/strong><\/strong> <strong>: Batterie<\/strong><br><\/p>\n\n\n\n<p class=\" eplus-wrapper\"><a href=\"https:\/\/youtu.be\/qiwj7t2vsls?is=wuEtZ-kTLqqJK6xi\">TSIOK&#8217;ATIMO<\/a><\/p>\n\n\n\n<p class=\" eplus-wrapper\"><\/p>\n","protected":false},"excerpt":{"rendered":"<p>Samedi 16 mai 2026, 18 h Foyer Saint L\u00e9gerEntr\u00e9e libre Quartet Malagasy Jazz strasbourgeois au style de musique \u00e0 mi-chemin entre le jazz et la musique traditionnelle malgache. Une alliance inattendue qui r\u00e9unit tradition et modernit\u00e9, racines et innovation. Le groupe est port\u00e9 par le guitariste\/compositeur St\u00e8ve Zafifou, originaire de<\/p>\n","protected":false},"author":1,"featured_media":5405,"comment_status":"closed","ping_status":"open","sticky":false,"template":"","format":"standard","meta":{"inline_featured_image":false,"editor_plus_copied_stylings":"{}","footnotes":""},"categories":[9],"tags":[46],"class_list":["post-5330","post","type-post","status-publish","format-standard","has-post-thumbnail","hentry","category-programmation","tag-46"],"_links":{"self":[{"href":"https:\/\/munsterjazz.fr\/index.php\/wp-json\/wp\/v2\/posts\/5330","targetHints":{"allow":["GET"]}}],"collection":[{"href":"https:\/\/munsterjazz.fr\/index.php\/wp-json\/wp\/v2\/posts"}],"about":[{"href":"https:\/\/munsterjazz.fr\/index.php\/wp-json\/wp\/v2\/types\/post"}],"author":[{"embeddable":true,"href":"https:\/\/munsterjazz.fr\/index.php\/wp-json\/wp\/v2\/users\/1"}],"replies":[{"embeddable":true,"href":"https:\/\/munsterjazz.fr\/index.php\/wp-json\/wp\/v2\/comments?post=5330"}],"version-history":[{"count":7,"href":"https:\/\/munsterjazz.fr\/index.php\/wp-json\/wp\/v2\/posts\/5330\/revisions"}],"predecessor-version":[{"id":6044,"href":"https:\/\/munsterjazz.fr\/index.php\/wp-json\/wp\/v2\/posts\/5330\/revisions\/6044"}],"wp:featuredmedia":[{"embeddable":true,"href":"https:\/\/munsterjazz.fr\/index.php\/wp-json\/wp\/v2\/media\/5405"}],"wp:attachment":[{"href":"https:\/\/munsterjazz.fr\/index.php\/wp-json\/wp\/v2\/media?parent=5330"}],"wp:term":[{"taxonomy":"category","embeddable":true,"href":"https:\/\/munsterjazz.fr\/index.php\/wp-json\/wp\/v2\/categories?post=5330"},{"taxonomy":"post_tag","embeddable":true,"href":"https:\/\/munsterjazz.fr\/index.php\/wp-json\/wp\/v2\/tags?post=5330"}],"curies":[{"name":"wp","href":"https:\/\/api.w.org\/{rel}","templated":true}]}}