{"id":5327,"date":"2026-03-01T22:59:38","date_gmt":"2026-03-01T21:59:38","guid":{"rendered":"https:\/\/munsterjazz.fr\/?p=5327"},"modified":"2026-04-23T18:35:44","modified_gmt":"2026-04-23T16:35:44","slug":"they_shot_the_piano_player_2026","status":"publish","type":"post","link":"https:\/\/munsterjazz.fr\/index.php\/2026\/03\/01\/they_shot_the_piano_player_2026\/","title":{"rendered":"They Shot the piano player"},"content":{"rendered":"\n<p class=\" eplus-wrapper\">Samedi 16 mai, 16h espace culturel Saint Gr\u00e9goire<\/p>\n\n\n\n<p class=\" eplus-wrapper\">Gratuit pour les d\u00e9tenteurs d&#8217;un billet de concert, au tarif habituel du cin\u00e9ma pour les autres<\/p>\n\n\n\n<p class=\" eplus-wrapper\"> Tout en Jazz et Bossa nova, avec la voix de Jeff Goldblum, ce film d\u2019animation relate l\u2019enqu\u00eate d\u2019un journaliste new-yorkais sur la disparition de Francisco Ten\u00f2rio Jr, pianiste br\u00e9silien virtuose. Une disparition qui se d\u00e9roule \u00e0 la charni\u00e8re entre l\u2019\u00e2ge d\u2019or de libert\u00e9 cr\u00e9atrice d\u2019une dizaine d\u2019ann\u00e9es et le basculement de l\u2019Am\u00e9rique latine dans les r\u00e9gimes totalitaires des ann\u00e9es 60 \u00e0 70. Jeff, le journaliste rencontre les personnages du groupe de Buenos Aires, Malena Barretto, Vinicius de Morales, Toquinho et Mutinho en passant par Jo\u00e3o Gilberto et Astor Piazzolla et bien d\u2019autres qui se m\u00ealent \u00e0 d\u2019autres grands noms comme Gilberto Gil, Caetano Veloso, Chico Buarque,\u00a0etc. Le journaliste tente de d\u00e9m\u00ealer les affres de l\u2019op\u00e9ration Condor sans rel\u00e2che 20 ans durant.<\/p>\n\n\n\n<p class=\" eplus-wrapper\"><strong>Fernando Trueba et Javier Mariscal 2024<\/strong><br>dur\u00e9e du film : 1 h 44<br><a class=\"\" href=\"https:\/\/www.dulacdistribution.com\/film\/they-shot-the-piano-player\/176\" target=\"_blank\" rel=\"noreferrer noopener\">https:\/\/www.dulacdistribution.com\/film\/they-shot-the-piano-player\/176<\/a><\/p>\n","protected":false},"excerpt":{"rendered":"<p>Samedi 16 mai, 16h espace culturel Saint Gr\u00e9goire Gratuit pour les d\u00e9tenteurs d&#8217;un billet de concert, au tarif habituel du cin\u00e9ma pour les autres Tout en Jazz et Bossa nova, avec la voix de Jeff Goldblum, ce film d\u2019animation relate l\u2019enqu\u00eate d\u2019un journaliste new-yorkais sur la disparition de Francisco Ten\u00f2rio<\/p>\n","protected":false},"author":1,"featured_media":5385,"comment_status":"closed","ping_status":"open","sticky":false,"template":"","format":"standard","meta":{"inline_featured_image":false,"editor_plus_copied_stylings":"{}","footnotes":""},"categories":[9],"tags":[46],"class_list":["post-5327","post","type-post","status-publish","format-standard","has-post-thumbnail","hentry","category-programmation","tag-46"],"_links":{"self":[{"href":"https:\/\/munsterjazz.fr\/index.php\/wp-json\/wp\/v2\/posts\/5327","targetHints":{"allow":["GET"]}}],"collection":[{"href":"https:\/\/munsterjazz.fr\/index.php\/wp-json\/wp\/v2\/posts"}],"about":[{"href":"https:\/\/munsterjazz.fr\/index.php\/wp-json\/wp\/v2\/types\/post"}],"author":[{"embeddable":true,"href":"https:\/\/munsterjazz.fr\/index.php\/wp-json\/wp\/v2\/users\/1"}],"replies":[{"embeddable":true,"href":"https:\/\/munsterjazz.fr\/index.php\/wp-json\/wp\/v2\/comments?post=5327"}],"version-history":[{"count":4,"href":"https:\/\/munsterjazz.fr\/index.php\/wp-json\/wp\/v2\/posts\/5327\/revisions"}],"predecessor-version":[{"id":6064,"href":"https:\/\/munsterjazz.fr\/index.php\/wp-json\/wp\/v2\/posts\/5327\/revisions\/6064"}],"wp:featuredmedia":[{"embeddable":true,"href":"https:\/\/munsterjazz.fr\/index.php\/wp-json\/wp\/v2\/media\/5385"}],"wp:attachment":[{"href":"https:\/\/munsterjazz.fr\/index.php\/wp-json\/wp\/v2\/media?parent=5327"}],"wp:term":[{"taxonomy":"category","embeddable":true,"href":"https:\/\/munsterjazz.fr\/index.php\/wp-json\/wp\/v2\/categories?post=5327"},{"taxonomy":"post_tag","embeddable":true,"href":"https:\/\/munsterjazz.fr\/index.php\/wp-json\/wp\/v2\/tags?post=5327"}],"curies":[{"name":"wp","href":"https:\/\/api.w.org\/{rel}","templated":true}]}}