{"id":5325,"date":"2026-03-01T23:01:13","date_gmt":"2026-03-01T22:01:13","guid":{"rendered":"https:\/\/munsterjazz.fr\/?p=5325"},"modified":"2026-04-23T18:11:37","modified_gmt":"2026-04-23T16:11:37","slug":"batucada-blocos-afros","status":"publish","type":"post","link":"https:\/\/munsterjazz.fr\/index.php\/2026\/03\/01\/batucada-blocos-afros\/","title":{"rendered":"Batucada Blocos Afro"},"content":{"rendered":"\n<p class=\" eplus-wrapper\">Samedi 16 mai 2026, 10 h D\u00e9ambulation de l&#8217;\u00e9cole maternelle de Badischhof au cabanon \u00e0 livres.<br>11 h D\u00e9ambulation de la salle des f\u00eates,  par la place du march\u00e9 et la Grand Rue au Parc Hartman et \u00e0 la terrasse du Grand Hotel.<\/p>\n\n\n\n<p class=\" eplus-wrapper\">N\u00e9 en 2021 au sein de la classe de Percussions de l\u2019\u00c9cole de Musique d\u2019Obernai et dirig\u00e9 par Piero Raglianti, Blocos Afro s\u2019inspire des traditionnels \u00ab Blocos \u00bb, ensembles musicaux de Salvador de Bahia au Br\u00e9sil.<\/p>\n\n\n\n<p class=\" eplus-wrapper\">Puissant et festif, Blocos Afro vous invite \u00e0 un voyage musical o\u00f9 rythmes, m\u00e9lodies et harmonies sont r\u00e9unis dans les sons des tambours.<\/p>\n\n\n\n<p class=\" eplus-wrapper\"><\/p>\n","protected":false},"excerpt":{"rendered":"<p>Samedi 16 mai 2026, 10 h D\u00e9ambulation de l&#8217;\u00e9cole maternelle de Badischhof au cabanon \u00e0 livres.11 h D\u00e9ambulation de la salle des f\u00eates, par la place du march\u00e9 et la Grand Rue au Parc Hartman et \u00e0 la terrasse du Grand Hotel. N\u00e9 en 2021 au sein de la classe<\/p>\n","protected":false},"author":1,"featured_media":5660,"comment_status":"closed","ping_status":"open","sticky":false,"template":"","format":"standard","meta":{"inline_featured_image":false,"editor_plus_copied_stylings":"{}","footnotes":""},"categories":[9],"tags":[46],"class_list":["post-5325","post","type-post","status-publish","format-standard","has-post-thumbnail","hentry","category-programmation","tag-46"],"_links":{"self":[{"href":"https:\/\/munsterjazz.fr\/index.php\/wp-json\/wp\/v2\/posts\/5325","targetHints":{"allow":["GET"]}}],"collection":[{"href":"https:\/\/munsterjazz.fr\/index.php\/wp-json\/wp\/v2\/posts"}],"about":[{"href":"https:\/\/munsterjazz.fr\/index.php\/wp-json\/wp\/v2\/types\/post"}],"author":[{"embeddable":true,"href":"https:\/\/munsterjazz.fr\/index.php\/wp-json\/wp\/v2\/users\/1"}],"replies":[{"embeddable":true,"href":"https:\/\/munsterjazz.fr\/index.php\/wp-json\/wp\/v2\/comments?post=5325"}],"version-history":[{"count":5,"href":"https:\/\/munsterjazz.fr\/index.php\/wp-json\/wp\/v2\/posts\/5325\/revisions"}],"predecessor-version":[{"id":6057,"href":"https:\/\/munsterjazz.fr\/index.php\/wp-json\/wp\/v2\/posts\/5325\/revisions\/6057"}],"wp:featuredmedia":[{"embeddable":true,"href":"https:\/\/munsterjazz.fr\/index.php\/wp-json\/wp\/v2\/media\/5660"}],"wp:attachment":[{"href":"https:\/\/munsterjazz.fr\/index.php\/wp-json\/wp\/v2\/media?parent=5325"}],"wp:term":[{"taxonomy":"category","embeddable":true,"href":"https:\/\/munsterjazz.fr\/index.php\/wp-json\/wp\/v2\/categories?post=5325"},{"taxonomy":"post_tag","embeddable":true,"href":"https:\/\/munsterjazz.fr\/index.php\/wp-json\/wp\/v2\/tags?post=5325"}],"curies":[{"name":"wp","href":"https:\/\/api.w.org\/{rel}","templated":true}]}}