{"id":5317,"date":"2026-03-01T22:12:52","date_gmt":"2026-03-01T21:12:52","guid":{"rendered":"https:\/\/munsterjazz.fr\/index.php\/2026\/03\/01\/andre_ceccarelli_trio_2026-copy\/"},"modified":"2026-04-20T12:31:28","modified_gmt":"2026-04-20T10:31:28","slug":"vento_2026","status":"publish","type":"post","link":"https:\/\/munsterjazz.fr\/index.php\/2026\/03\/01\/vento_2026\/","title":{"rendered":"Vento"},"content":{"rendered":"\n<p class=\" eplus-wrapper\">Samedi 16 mai 2026 : 20 h Espace Culturel Saint Gr\u00e9goire<\/p>\n\n\n\n<p class=\" eplus-wrapper\">20 \u20ac \/ 15 \u20ac tarif r\u00e9duit*<\/p>\n\n\n\n<div class=\"wp-block-kadence-advancedbtn kb-buttons-wrap kb-btns5317_e3616b-f5\"><a class=\"kb-button kt-button button kb-btn5317_2c240d-64 kt-btn-size-small kt-btn-width-type-auto kb-btn-global-inherit  kt-btn-has-text-true kt-btn-has-svg-false  wp-block-button__link wp-block-kadence-singlebtn\" href=\"https:\/\/www.helloasso.com\/associations\/jazz-festival-de-munster\/evenements\/vento\"><span class=\"kt-btn-inner-text\">BILLETTERIE<\/span><\/a><\/div>\n\n\n\n<p class=\" eplus-wrapper\">Vento est un collectif d\u2019artistes bas\u00e9 \u00e0 Strasbourg et \u00e0 Kehl, unis par leur passion pour la musique br\u00e9silienne. Les divers univers musicaux de ses membres s\u2019entrelacent harmonieusement, enrichissant l\u2019esth\u00e9tique et le r\u00e9pertoire du groupe. Inspir\u00e9 par les rythmes vibrants et les harmonies riches de la musique populaire br\u00e9silienne, Vento infuse \u00e9galement une \u00e9nergie jazzistique dans ses cr\u00e9ations. Cette fusion entre tradition et innovation permet au groupe de proposer des compositions originales, emmenant le public dans un voyage \u00e0 travers la musique br\u00e9silienne contemporaine.<\/p>\n\n\n\n<p class=\" eplus-wrapper\"><strong>Maugane Ginger, voix<br>Fernando Schirr, voix et guitare<br>Davide Petrillo, voix et piano<br>Benjamin Velle, guitare<br>Davide Le Leap, contrebasse<br>Juan Camilo Roldan, batterie<\/strong><\/p>\n\n\n\n<p class=\" eplus-wrapper\"><a href=\"https:\/\/www.youtube.com\/watch?v=IFsaFy_vb60\">Vento &#8211; LIVE<\/a><\/p>\n","protected":false},"excerpt":{"rendered":"<p>Samedi 16 mai 2026 : 20 h Espace Culturel Saint Gr\u00e9goire 20 \u20ac \/ 15 \u20ac tarif r\u00e9duit* Vento est un collectif d\u2019artistes bas\u00e9 \u00e0 Strasbourg et \u00e0 Kehl, unis par leur passion pour la musique br\u00e9silienne. Les divers univers musicaux de ses membres s\u2019entrelacent harmonieusement, enrichissant l\u2019esth\u00e9tique et le<\/p>\n","protected":false},"author":1,"featured_media":5321,"comment_status":"closed","ping_status":"open","sticky":false,"template":"","format":"standard","meta":{"inline_featured_image":false,"editor_plus_copied_stylings":"{}","footnotes":""},"categories":[9],"tags":[46],"class_list":["post-5317","post","type-post","status-publish","format-standard","has-post-thumbnail","hentry","category-programmation","tag-46"],"_links":{"self":[{"href":"https:\/\/munsterjazz.fr\/index.php\/wp-json\/wp\/v2\/posts\/5317","targetHints":{"allow":["GET"]}}],"collection":[{"href":"https:\/\/munsterjazz.fr\/index.php\/wp-json\/wp\/v2\/posts"}],"about":[{"href":"https:\/\/munsterjazz.fr\/index.php\/wp-json\/wp\/v2\/types\/post"}],"author":[{"embeddable":true,"href":"https:\/\/munsterjazz.fr\/index.php\/wp-json\/wp\/v2\/users\/1"}],"replies":[{"embeddable":true,"href":"https:\/\/munsterjazz.fr\/index.php\/wp-json\/wp\/v2\/comments?post=5317"}],"version-history":[{"count":13,"href":"https:\/\/munsterjazz.fr\/index.php\/wp-json\/wp\/v2\/posts\/5317\/revisions"}],"predecessor-version":[{"id":6049,"href":"https:\/\/munsterjazz.fr\/index.php\/wp-json\/wp\/v2\/posts\/5317\/revisions\/6049"}],"wp:featuredmedia":[{"embeddable":true,"href":"https:\/\/munsterjazz.fr\/index.php\/wp-json\/wp\/v2\/media\/5321"}],"wp:attachment":[{"href":"https:\/\/munsterjazz.fr\/index.php\/wp-json\/wp\/v2\/media?parent=5317"}],"wp:term":[{"taxonomy":"category","embeddable":true,"href":"https:\/\/munsterjazz.fr\/index.php\/wp-json\/wp\/v2\/categories?post=5317"},{"taxonomy":"post_tag","embeddable":true,"href":"https:\/\/munsterjazz.fr\/index.php\/wp-json\/wp\/v2\/tags?post=5317"}],"curies":[{"name":"wp","href":"https:\/\/api.w.org\/{rel}","templated":true}]}}