{"id":5311,"date":"2026-03-01T21:54:33","date_gmt":"2026-03-01T20:54:33","guid":{"rendered":"https:\/\/munsterjazz.fr\/index.php\/2026\/03\/01\/julia_perminova_trio_2026-copy\/"},"modified":"2026-04-23T18:18:22","modified_gmt":"2026-04-23T16:18:22","slug":"andre_ceccarelli_trio_2026","status":"publish","type":"post","link":"https:\/\/munsterjazz.fr\/index.php\/2026\/03\/01\/andre_ceccarelli_trio_2026\/","title":{"rendered":"Andr\u00e9 Ceccarelli trio"},"content":{"rendered":"\n<p class=\" eplus-wrapper\">Vendredi 15 mai 2026 : 20 h Espace Culturel Saint Gr\u00e9goire<\/p>\n\n\n\n<p class=\" eplus-wrapper\">20 \u20ac \/ 15 \u20ac tarif r\u00e9duit*<\/p>\n\n\n\n<div class=\"wp-block-kadence-advancedbtn kb-buttons-wrap kb-btns5311_1f84bd-f5\"><a class=\"kb-button kt-button button kb-btn5311_c46ce7-dc kt-btn-size-small kt-btn-width-type-auto kb-btn-global-inherit  kt-btn-has-text-true kt-btn-has-svg-false  wp-block-button__link wp-block-kadence-singlebtn\" href=\"https:\/\/www.helloasso.com\/associations\/jazz-festival-de-munster\/evenements\/andre-ceccarelli-trio\"><span class=\"kt-btn-inner-text\">BILLETTERIE<\/span><\/a><\/div>\n\n\n\n<p class=\" eplus-wrapper\">Cela fait maintenant plus de 10 ans que ces trois musiciens jouent ensemble et ont enregistr\u00e9 plusieurs disques. Tout d\u2019abord le CD \u00ab Ultimo \u00bb d\u2019Andre Ceccarelli (Avec orchestre symphonique), les deux CD (avec David Linx) en hommage \u00e0 Claude Nougaro ainsi que le projet \u00ab 7000 Miles \u00bb.<\/p>\n\n\n\n<p class=\" eplus-wrapper\">Leur complicit\u00e9 et leur interaction musicale gr\u00e2ce \u00e0 plusieurs centaines de concerts n\u2019a fait que se renforcer au cours de ces derni\u00e8res ann\u00e9es. Le nouveau projet de ce trio est un hommage \u00e0 George Gershwin et plus particuli\u00e8rement \u00ab Porgy and Bess \u00bb immortalis\u00e9 par Ella Fitzgerald et Louis Armstrong puis Miles Davis et bien d\u2019autres. A l\u2019instar des standards de Jazz que tous les Jazzmen s\u2019approprient parfois en les re-harmonisant et\/ou en changeant de m\u00e9trique, le trio compte bien, dans ce nouvel opus, s\u2019approprier avec des arrangement originaux le r\u00e9pertoire de cet Op\u00e9ra de Broadway afin d\u2019en livrer une version tr\u00e8s personnelle.<\/p>\n\n\n\n<p class=\" eplus-wrapper\"><strong>Andr\u00e9 Ceccarelli : batterie<\/strong><br><strong>Pierre-Alain Goualch : piano<\/strong><br><strong>Di\u00e9go Imbert : contrebasse<\/strong><\/p>\n\n\n\n<p class=\" eplus-wrapper\"><a href=\"https:\/\/youtu.be\/MRgpbf3x3Vo?is=RHBV5mQonP1-tUzW\">ANDR\u00c9 CECCARELLI TRIO &#8211; PORGY AND BESS<\/a><\/p>\n","protected":false},"excerpt":{"rendered":"<p>Vendredi 15 mai 2026 : 20 h Espace Culturel Saint Gr\u00e9goire 20 \u20ac \/ 15 \u20ac tarif r\u00e9duit* Cela fait maintenant plus de 10 ans que ces trois musiciens jouent ensemble et ont enregistr\u00e9 plusieurs disques. Tout d\u2019abord le CD \u00ab Ultimo \u00bb d\u2019Andre Ceccarelli (Avec orchestre symphonique), les deux<\/p>\n","protected":false},"author":1,"featured_media":5314,"comment_status":"closed","ping_status":"open","sticky":false,"template":"","format":"standard","meta":{"inline_featured_image":false,"editor_plus_copied_stylings":"{}","footnotes":""},"categories":[9],"tags":[46],"class_list":["post-5311","post","type-post","status-publish","format-standard","has-post-thumbnail","hentry","category-programmation","tag-46"],"_links":{"self":[{"href":"https:\/\/munsterjazz.fr\/index.php\/wp-json\/wp\/v2\/posts\/5311","targetHints":{"allow":["GET"]}}],"collection":[{"href":"https:\/\/munsterjazz.fr\/index.php\/wp-json\/wp\/v2\/posts"}],"about":[{"href":"https:\/\/munsterjazz.fr\/index.php\/wp-json\/wp\/v2\/types\/post"}],"author":[{"embeddable":true,"href":"https:\/\/munsterjazz.fr\/index.php\/wp-json\/wp\/v2\/users\/1"}],"replies":[{"embeddable":true,"href":"https:\/\/munsterjazz.fr\/index.php\/wp-json\/wp\/v2\/comments?post=5311"}],"version-history":[{"count":10,"href":"https:\/\/munsterjazz.fr\/index.php\/wp-json\/wp\/v2\/posts\/5311\/revisions"}],"predecessor-version":[{"id":6062,"href":"https:\/\/munsterjazz.fr\/index.php\/wp-json\/wp\/v2\/posts\/5311\/revisions\/6062"}],"wp:featuredmedia":[{"embeddable":true,"href":"https:\/\/munsterjazz.fr\/index.php\/wp-json\/wp\/v2\/media\/5314"}],"wp:attachment":[{"href":"https:\/\/munsterjazz.fr\/index.php\/wp-json\/wp\/v2\/media?parent=5311"}],"wp:term":[{"taxonomy":"category","embeddable":true,"href":"https:\/\/munsterjazz.fr\/index.php\/wp-json\/wp\/v2\/categories?post=5311"},{"taxonomy":"post_tag","embeddable":true,"href":"https:\/\/munsterjazz.fr\/index.php\/wp-json\/wp\/v2\/tags?post=5311"}],"curies":[{"name":"wp","href":"https:\/\/api.w.org\/{rel}","templated":true}]}}