{"id":5306,"date":"2026-03-01T21:50:15","date_gmt":"2026-03-01T20:50:15","guid":{"rendered":"https:\/\/munsterjazz.fr\/index.php\/2026\/03\/01\/douingka_2026-copy\/"},"modified":"2026-04-20T12:25:59","modified_gmt":"2026-04-20T10:25:59","slug":"leslie_et_railo","status":"publish","type":"post","link":"https:\/\/munsterjazz.fr\/index.php\/2026\/03\/01\/leslie_et_railo\/","title":{"rendered":"Leslie &amp; Ra\u00eflo"},"content":{"rendered":"\n<p class=\" eplus-wrapper\">Vendredi 15 mai 2026 : 18 h Foyer Saint L\u00e9ger<\/p>\n\n\n\n<p class=\" eplus-wrapper\"><strong>Entr\u00e9e libre<\/strong><\/p>\n\n\n\n<p class=\" eplus-wrapper\">A la sc\u00e8ne comme \u00e0 la vie, Lesly &amp; Railo partagent une complicit\u00e9 rare o\u00f9 l&#8217;amour se m\u00eale \u00e0 la musique, et la musique \u00e0 l&#8217;amour. Ensemble, ils forment un duo guitare-voix empreint de sinc\u00e9rit\u00e9, d&#8217;\u00e9l\u00e9gance et d&#8217;\u00e9motions. Ce sont deux artistes, deux styles, qui convergent vers un projet authentique. Dans un dialogue tout en finesse entre la prodigieuse guitare de Railo et la voix magnifique de Lesly, le duo voyage au gr\u00e9 de ses envies entre le jazz, la chanson fran\u00e7aise et les musiques du monde. Leur r\u00e9pertoire est compos\u00e9 de reprises et de compositions originales<\/p>\n\n\n\n<p class=\" eplus-wrapper\"><strong>Leslie : chant<br>Ra\u00eflo : guitare<\/strong><\/p>\n\n\n\n<p class=\" eplus-wrapper\"><a href=\"https:\/\/youtu.be\/6SwYra1fXmU?is=EyS1S9N28X1kqr0M\">LESLIE &amp; RA\u00cfLO<\/a><\/p>\n","protected":false},"excerpt":{"rendered":"<p>Vendredi 15 mai 2026 : 18 h Foyer Saint L\u00e9ger Entr\u00e9e libre A la sc\u00e8ne comme \u00e0 la vie, Lesly &amp; Railo partagent une complicit\u00e9 rare o\u00f9 l&#8217;amour se m\u00eale \u00e0 la musique, et la musique \u00e0 l&#8217;amour. Ensemble, ils forment un duo guitare-voix empreint de sinc\u00e9rit\u00e9, d&#8217;\u00e9l\u00e9gance et d&#8217;\u00e9motions.<\/p>\n","protected":false},"author":1,"featured_media":5414,"comment_status":"closed","ping_status":"open","sticky":false,"template":"","format":"standard","meta":{"inline_featured_image":false,"editor_plus_copied_stylings":"{}","footnotes":""},"categories":[9],"tags":[46],"class_list":["post-5306","post","type-post","status-publish","format-standard","has-post-thumbnail","hentry","category-programmation","tag-46"],"_links":{"self":[{"href":"https:\/\/munsterjazz.fr\/index.php\/wp-json\/wp\/v2\/posts\/5306","targetHints":{"allow":["GET"]}}],"collection":[{"href":"https:\/\/munsterjazz.fr\/index.php\/wp-json\/wp\/v2\/posts"}],"about":[{"href":"https:\/\/munsterjazz.fr\/index.php\/wp-json\/wp\/v2\/types\/post"}],"author":[{"embeddable":true,"href":"https:\/\/munsterjazz.fr\/index.php\/wp-json\/wp\/v2\/users\/1"}],"replies":[{"embeddable":true,"href":"https:\/\/munsterjazz.fr\/index.php\/wp-json\/wp\/v2\/comments?post=5306"}],"version-history":[{"count":3,"href":"https:\/\/munsterjazz.fr\/index.php\/wp-json\/wp\/v2\/posts\/5306\/revisions"}],"predecessor-version":[{"id":6046,"href":"https:\/\/munsterjazz.fr\/index.php\/wp-json\/wp\/v2\/posts\/5306\/revisions\/6046"}],"wp:featuredmedia":[{"embeddable":true,"href":"https:\/\/munsterjazz.fr\/index.php\/wp-json\/wp\/v2\/media\/5414"}],"wp:attachment":[{"href":"https:\/\/munsterjazz.fr\/index.php\/wp-json\/wp\/v2\/media?parent=5306"}],"wp:term":[{"taxonomy":"category","embeddable":true,"href":"https:\/\/munsterjazz.fr\/index.php\/wp-json\/wp\/v2\/categories?post=5306"},{"taxonomy":"post_tag","embeddable":true,"href":"https:\/\/munsterjazz.fr\/index.php\/wp-json\/wp\/v2\/tags?post=5306"}],"curies":[{"name":"wp","href":"https:\/\/api.w.org\/{rel}","templated":true}]}}