{"id":5300,"date":"2026-03-01T21:28:15","date_gmt":"2026-03-01T20:28:15","guid":{"rendered":"https:\/\/munsterjazz.fr\/index.php\/2026\/03\/01\/julia_perminova_trio_2026-copy\/"},"modified":"2026-04-23T18:16:12","modified_gmt":"2026-04-23T16:16:12","slug":"douingka_2026","status":"publish","type":"post","link":"https:\/\/munsterjazz.fr\/index.php\/2026\/03\/01\/douingka_2026\/","title":{"rendered":"DouingKa"},"content":{"rendered":"\n<p class=\" eplus-wrapper\">Jeudi 14 mai 2026 : 18 h Foyer Saint L\u00e9ger<\/p>\n\n\n\n<p class=\" eplus-wrapper\"><strong>Entr\u00e9e libre<\/strong><\/p>\n\n\n\n<p class=\" eplus-wrapper\">Trois musiciens, trois univers singuliers qui convergent pour former une musique authentique, puissante et contrast\u00e9e. Dans un dialogue sensuel entre cordes et peaux, les sons claquent, caressent, ils se cherchent et fusionnent. Le trio fl\u00e2ne au gr\u00e9 du jazz et des musiques du monde et, fort de cr\u00e9ativit\u00e9, n&#8217;h\u00e9site pas \u00e0 sortir des sentiers battus en proposant compositions et arrangements originaux. <br>Outre l&#8217;ajout de la voix, qui se m\u00eale subtilement \u00e0 la guitare dans certains morceaux, Douingka a une affection particuli\u00e8re pour les mesures impaires et propose ainsi une musique \u00e9nergique et entra\u00eenante, tr\u00e8s appr\u00e9ci\u00e9e du public. Lucas Marseu, Maxime Epp et Claire Besson se sont rencontr\u00e9s au conservatoire de Strasbourg. <br>Si la Catalane et les deux alsaciens ont parfois du mal \u00e0 trouver un terrain d&#8217;entente \u00e0 l&#8217;heure de l&#8217;ap\u00e9ritif, en particulier lorsqu&#8217;il s&#8217;agit de choisir entre le muscat de Rivesaltes et le Gewurztraminer, ils oublient cependant leurs diff\u00e9rents une fois sur sc\u00e8ne et savent accorder leurs jeux \u00e0 la perfection.<\/p>\n\n\n\n<p class=\" eplus-wrapper\"><strong>Claire Besson : guitare<br>Lucas Marseu : basse<br>Maxime Epp : batterie<\/strong><\/p>\n\n\n\n<p class=\" eplus-wrapper\">Cr\u00e9dit photos : @Hubesphoto<\/p>\n\n\n\n<p class=\" eplus-wrapper\"><a href=\"https:\/\/youtu.be\/NxfuXDzD6s0?is=Kedf8g0KSGSheL2q\">DOUINGKA<\/a><\/p>\n","protected":false},"excerpt":{"rendered":"<p>Jeudi 14 mai 2026 : 18 h Foyer Saint L\u00e9ger Entr\u00e9e libre Trois musiciens, trois univers singuliers qui convergent pour former une musique authentique, puissante et contrast\u00e9e. Dans un dialogue sensuel entre cordes et peaux, les sons claquent, caressent, ils se cherchent et fusionnent. Le trio fl\u00e2ne au gr\u00e9 du<\/p>\n","protected":false},"author":1,"featured_media":5304,"comment_status":"closed","ping_status":"open","sticky":false,"template":"","format":"standard","meta":{"inline_featured_image":false,"editor_plus_copied_stylings":"{}","footnotes":""},"categories":[9],"tags":[46],"class_list":["post-5300","post","type-post","status-publish","format-standard","has-post-thumbnail","hentry","category-programmation","tag-46"],"_links":{"self":[{"href":"https:\/\/munsterjazz.fr\/index.php\/wp-json\/wp\/v2\/posts\/5300","targetHints":{"allow":["GET"]}}],"collection":[{"href":"https:\/\/munsterjazz.fr\/index.php\/wp-json\/wp\/v2\/posts"}],"about":[{"href":"https:\/\/munsterjazz.fr\/index.php\/wp-json\/wp\/v2\/types\/post"}],"author":[{"embeddable":true,"href":"https:\/\/munsterjazz.fr\/index.php\/wp-json\/wp\/v2\/users\/1"}],"replies":[{"embeddable":true,"href":"https:\/\/munsterjazz.fr\/index.php\/wp-json\/wp\/v2\/comments?post=5300"}],"version-history":[{"count":8,"href":"https:\/\/munsterjazz.fr\/index.php\/wp-json\/wp\/v2\/posts\/5300\/revisions"}],"predecessor-version":[{"id":6060,"href":"https:\/\/munsterjazz.fr\/index.php\/wp-json\/wp\/v2\/posts\/5300\/revisions\/6060"}],"wp:featuredmedia":[{"embeddable":true,"href":"https:\/\/munsterjazz.fr\/index.php\/wp-json\/wp\/v2\/media\/5304"}],"wp:attachment":[{"href":"https:\/\/munsterjazz.fr\/index.php\/wp-json\/wp\/v2\/media?parent=5300"}],"wp:term":[{"taxonomy":"category","embeddable":true,"href":"https:\/\/munsterjazz.fr\/index.php\/wp-json\/wp\/v2\/categories?post=5300"},{"taxonomy":"post_tag","embeddable":true,"href":"https:\/\/munsterjazz.fr\/index.php\/wp-json\/wp\/v2\/tags?post=5300"}],"curies":[{"name":"wp","href":"https:\/\/api.w.org\/{rel}","templated":true}]}}