{"id":5294,"date":"2026-03-01T21:15:44","date_gmt":"2026-03-01T20:15:44","guid":{"rendered":"https:\/\/munsterjazz.fr\/index.php\/2026\/03\/01\/la_mecanique_des_songes-copy\/"},"modified":"2026-04-20T12:19:20","modified_gmt":"2026-04-20T10:19:20","slug":"julia_perminova_trio_2026","status":"publish","type":"post","link":"https:\/\/munsterjazz.fr\/index.php\/2026\/03\/01\/julia_perminova_trio_2026\/","title":{"rendered":"Julia Perminova Trio"},"content":{"rendered":"\n<p class=\" eplus-wrapper\">Jeudi 14 mai 2026 : 20h Espace Culturel Saint Gr\u00e9goire. <\/p>\n\n\n\n<p class=\" eplus-wrapper\">Premi\u00e8re partie : <a href=\"https:\/\/youtu.be\/rvCLDxrHlEc?is=N8Nl-BRt5A_d2rcR\">DREHERT QUARTET<\/a> (laur\u00e9at du tremplin 2026)<\/p>\n\n\n\n<p class=\" eplus-wrapper\">20 \u20ac \/ 15 \u20ac tarif r\u00e9duit*<\/p>\n\n\n\n<div class=\"wp-block-kadence-advancedbtn kb-buttons-wrap kb-btns5294_d750d7-0c\"><a class=\"kb-button kt-button button kb-btn5294_25f07d-fc kt-btn-size-small kt-btn-width-type-auto kb-btn-global-inherit  kt-btn-has-text-true kt-btn-has-svg-false  wp-block-button__link wp-block-kadence-singlebtn\" href=\"https:\/\/www.helloasso.com\/associations\/jazz-festival-de-munster\/evenements\/julia-perminova-trio-tremplin\"><span class=\"kt-btn-inner-text\">BILLETTERIE<\/span><\/a><\/div>\n\n\n\n<p class=\" eplus-wrapper\">Le Julia Perminova Trio, un ensemble dynamique m\u00ealant jazz moderne, classique et fusion, est n\u00e9 il y a cinq ans \u00e0 Amsterdam lors de leurs \u00e9tudes au conservatoire. Le trio est compos\u00e9 de&nbsp;: Julia Perminova au piano, originaire de Russie et vivant en France, le batteur Luis Possolo du Portugal et le bassiste Josef Zeimetz repr\u00e9sentant l&#8217;Allemagne. Chaque membre apporte son h\u00e9ritage culturel au m\u00e9lange, cr\u00e9ant une fusion harmonieuse qui forme un nouvel univers sonore.&nbsp;&nbsp;<br>Les concerts du Julia Perminova Trio ne sont pas de simples \u00e9v\u00e9nements musicaux ;&nbsp; ce sont des exp\u00e9riences immersives qui laissent une marque ind\u00e9l\u00e9bile dans le c\u0153ur de ceux qui sont t\u00e9moins de la magie qui se d\u00e9roule.<\/p>\n\n\n\n<p class=\" eplus-wrapper\"><strong>Julia Perminova : piano<br>Luis Possolo : batterie<br>Josef Zeimetz : guitare basse<\/strong><\/p>\n\n\n\n<p class=\" eplus-wrapper\"><a href=\"https:\/\/youtu.be\/RcmlSobSmKU?is=ml-oj4e2WCNTAM4C\">JULIA PERMINOVA TRIO<\/a><\/p>\n\n\n\n<p class=\" eplus-wrapper\">cr\u00e9dits photos : Gerg\u00f6 Nyir\u00f6<\/p>\n","protected":false},"excerpt":{"rendered":"<p>Jeudi 14 mai 2026 : 20h Espace Culturel Saint Gr\u00e9goire. Premi\u00e8re partie : DREHERT QUARTET (laur\u00e9at du tremplin 2026) 20 \u20ac \/ 15 \u20ac tarif r\u00e9duit* Le Julia Perminova Trio, un ensemble dynamique m\u00ealant jazz moderne, classique et fusion, est n\u00e9 il y a cinq ans \u00e0 Amsterdam lors de<\/p>\n","protected":false},"author":1,"featured_media":5298,"comment_status":"closed","ping_status":"open","sticky":false,"template":"","format":"standard","meta":{"inline_featured_image":false,"editor_plus_copied_stylings":"{}","footnotes":""},"categories":[9],"tags":[46],"class_list":["post-5294","post","type-post","status-publish","format-standard","has-post-thumbnail","hentry","category-programmation","tag-46"],"_links":{"self":[{"href":"https:\/\/munsterjazz.fr\/index.php\/wp-json\/wp\/v2\/posts\/5294","targetHints":{"allow":["GET"]}}],"collection":[{"href":"https:\/\/munsterjazz.fr\/index.php\/wp-json\/wp\/v2\/posts"}],"about":[{"href":"https:\/\/munsterjazz.fr\/index.php\/wp-json\/wp\/v2\/types\/post"}],"author":[{"embeddable":true,"href":"https:\/\/munsterjazz.fr\/index.php\/wp-json\/wp\/v2\/users\/1"}],"replies":[{"embeddable":true,"href":"https:\/\/munsterjazz.fr\/index.php\/wp-json\/wp\/v2\/comments?post=5294"}],"version-history":[{"count":9,"href":"https:\/\/munsterjazz.fr\/index.php\/wp-json\/wp\/v2\/posts\/5294\/revisions"}],"predecessor-version":[{"id":6051,"href":"https:\/\/munsterjazz.fr\/index.php\/wp-json\/wp\/v2\/posts\/5294\/revisions\/6051"}],"wp:featuredmedia":[{"embeddable":true,"href":"https:\/\/munsterjazz.fr\/index.php\/wp-json\/wp\/v2\/media\/5298"}],"wp:attachment":[{"href":"https:\/\/munsterjazz.fr\/index.php\/wp-json\/wp\/v2\/media?parent=5294"}],"wp:term":[{"taxonomy":"category","embeddable":true,"href":"https:\/\/munsterjazz.fr\/index.php\/wp-json\/wp\/v2\/categories?post=5294"},{"taxonomy":"post_tag","embeddable":true,"href":"https:\/\/munsterjazz.fr\/index.php\/wp-json\/wp\/v2\/tags?post=5294"}],"curies":[{"name":"wp","href":"https:\/\/api.w.org\/{rel}","templated":true}]}}