{"id":5288,"date":"2026-03-01T20:30:05","date_gmt":"2026-03-01T19:30:05","guid":{"rendered":"https:\/\/munsterjazz.fr\/index.php\/2026\/03\/01\/fanfare_splash_2026-copy\/"},"modified":"2026-04-20T12:32:05","modified_gmt":"2026-04-20T10:32:05","slug":"la_mecanique_des_songes","status":"publish","type":"post","link":"https:\/\/munsterjazz.fr\/index.php\/2026\/03\/01\/la_mecanique_des_songes\/","title":{"rendered":"La m\u00e9canique des songes"},"content":{"rendered":"\n<p class=\" eplus-wrapper\">Mercredi 13 mai 2026 : 20h \u00e9glise protestante<br>15 \u20ac \/ 12 \u20ac tarif r\u00e9duit*<\/p>\n\n\n\n<div class=\"wp-block-kadence-advancedbtn kb-buttons-wrap kb-btns5288_fd1860-28\"><a class=\"kb-button kt-button button kb-btn5288_0c9b32-3a kt-btn-size-small kt-btn-width-type-auto kb-btn-global-inherit  kt-btn-has-text-true kt-btn-has-svg-false  wp-block-button__link wp-block-kadence-singlebtn\" href=\"https:\/\/www.helloasso.com\/associations\/jazz-festival-de-munster\/evenements\/la-mecanique-des-songes\"><span class=\"kt-btn-inner-text\">BILLETTERIE<\/span><\/a><\/div>\n\n\n\n<p class=\" eplus-wrapper\">Trois voix, un violon et des percussions \u00e0 la crois\u00e9e du jazz et du classique.<\/p>\n\n\n\n<p class=\" eplus-wrapper\">La m\u00e9canique des songes offre un voyage entre compositions originales, interpr\u00e9tation de Debussy, de Saint Sa\u00ebns ou Chopin.<\/p>\n\n\n\n<p class=\" eplus-wrapper\">Po\u00e8mes et improvisations r\u00e9v\u00e8lent la personnalit\u00e9 antistatique de chacune<\/p>\n\n\n\n<p class=\" eplus-wrapper\"><style type=\"text\/css\">p { line-height: 115%; text-align: justify; orphans: 2; widows: 2; margin-bottom: 0.1in; direction: ltr; background: transparent }p.western { font-family: \"Garamond\", serif; font-size: 13pt }p.cjk { font-size: 13pt; so-language: en-US }p.ctl { font-size: 11pt }a:visited { color: #954f72; text-decoration: underline }a:link { color: #44546a; text-decoration: none <\/style><strong>Alba Obert, voix et violon<\/strong><br><strong>Mathilde Gardien, voix et percussions<\/strong><br><strong>Malou Oheix, voix et percussions<\/strong><\/p>\n\n\n\n<p class=\" eplus-wrapper\"><br><a href=\"https:\/\/youtu.be\/tQj5oAsDkD0?is=ZOoAACpZC_CPQzSL\">LA M\u00c9CANIQUE DES SONGES<\/a><br><br><\/p>\n","protected":false},"excerpt":{"rendered":"<p>Mercredi 13 mai 2026 : 20h \u00e9glise protestante15 \u20ac \/ 12 \u20ac tarif r\u00e9duit* Trois voix, un violon et des percussions \u00e0 la crois\u00e9e du jazz et du classique. La m\u00e9canique des songes offre un voyage entre compositions originales, interpr\u00e9tation de Debussy, de Saint Sa\u00ebns ou Chopin. Po\u00e8mes et improvisations<\/p>\n","protected":false},"author":1,"featured_media":5292,"comment_status":"closed","ping_status":"open","sticky":false,"template":"","format":"standard","meta":{"inline_featured_image":false,"editor_plus_copied_stylings":"{}","footnotes":""},"categories":[9],"tags":[46],"class_list":["post-5288","post","type-post","status-publish","format-standard","has-post-thumbnail","hentry","category-programmation","tag-46"],"_links":{"self":[{"href":"https:\/\/munsterjazz.fr\/index.php\/wp-json\/wp\/v2\/posts\/5288","targetHints":{"allow":["GET"]}}],"collection":[{"href":"https:\/\/munsterjazz.fr\/index.php\/wp-json\/wp\/v2\/posts"}],"about":[{"href":"https:\/\/munsterjazz.fr\/index.php\/wp-json\/wp\/v2\/types\/post"}],"author":[{"embeddable":true,"href":"https:\/\/munsterjazz.fr\/index.php\/wp-json\/wp\/v2\/users\/1"}],"replies":[{"embeddable":true,"href":"https:\/\/munsterjazz.fr\/index.php\/wp-json\/wp\/v2\/comments?post=5288"}],"version-history":[{"count":6,"href":"https:\/\/munsterjazz.fr\/index.php\/wp-json\/wp\/v2\/posts\/5288\/revisions"}],"predecessor-version":[{"id":6050,"href":"https:\/\/munsterjazz.fr\/index.php\/wp-json\/wp\/v2\/posts\/5288\/revisions\/6050"}],"wp:featuredmedia":[{"embeddable":true,"href":"https:\/\/munsterjazz.fr\/index.php\/wp-json\/wp\/v2\/media\/5292"}],"wp:attachment":[{"href":"https:\/\/munsterjazz.fr\/index.php\/wp-json\/wp\/v2\/media?parent=5288"}],"wp:term":[{"taxonomy":"category","embeddable":true,"href":"https:\/\/munsterjazz.fr\/index.php\/wp-json\/wp\/v2\/categories?post=5288"},{"taxonomy":"post_tag","embeddable":true,"href":"https:\/\/munsterjazz.fr\/index.php\/wp-json\/wp\/v2\/tags?post=5288"}],"curies":[{"name":"wp","href":"https:\/\/api.w.org\/{rel}","templated":true}]}}