{"id":2740,"date":"2025-02-09T17:00:22","date_gmt":"2025-02-09T16:00:22","guid":{"rendered":"https:\/\/www.formation-wp.vallees-connectees.alsace\/michele\/?p=2740"},"modified":"2026-03-28T18:18:17","modified_gmt":"2026-03-28T17:18:17","slug":"cactus-quartet","status":"publish","type":"post","link":"https:\/\/munsterjazz.fr\/index.php\/2025\/02\/09\/cactus-quartet\/","title":{"rendered":"Laur\u00e9at du tremplin: Cactus quartet"},"content":{"rendered":"\n<p class=\" eplus-wrapper\">Il y a une contrebasse, une batterie, \u00e7a swingue et \u00e7a improvise mais ce n\u2019est pas du jazz.<\/p>\n\n\n\n<p class=\" eplus-wrapper\">Il y a un oud, un hang, une fl\u00fbte bansouri, \u00e7a groove, \u00e7a improvise mais ce n\u2019est pas de la musique du monde.<\/p>\n\n\n\n<p class=\" eplus-wrapper\">Il y a des duels dans le d\u00e9sert et des poursuites en voiture mais ce n\u2019est pas de la musique de film.<\/p>\n\n\n\n<div class=\"wp-block-group eplus-wrapper is-layout-constrained wp-block-group-is-layout-constrained\"><ul class=\" wp-block-list eplus-wrapper eplus-styles-uid-907f0c\">\n<li class=\" eplus-wrapper\">Patricia Alvez  Peito <em>Contrebasse\/bass<\/em>e <\/li>\n\n\n\n<li class=\" eplus-wrapper\">Mathis Klaine<em> Piano<\/em><\/li>\n\n\n\n<li class=\" eplus-wrapper\">Jules ERmering <em>Batterie<\/em><\/li>\n\n\n\n<li class=\" eplus-wrapper\">Marc Steiling <em>Trompette<\/em><\/li>\n<\/ul><\/div>\n\n\n\n<p class=\" eplus-wrapper\"><\/p>\n","protected":false},"excerpt":{"rendered":"<p>Il y a une contrebasse, une batterie, \u00e7a swingue et \u00e7a improvise mais ce n\u2019est pas du jazz. Il y a un oud, un hang, une fl\u00fbte bansouri, \u00e7a groove, \u00e7a improvise mais ce n\u2019est pas de la musique du monde. Il y a des duels dans le d\u00e9sert et<\/p>\n","protected":false},"author":1,"featured_media":3155,"comment_status":"closed","ping_status":"open","sticky":false,"template":"","format":"standard","meta":{"inline_featured_image":false,"editor_plus_copied_stylings":"{}","footnotes":""},"categories":[9],"tags":[34],"class_list":["post-2740","post","type-post","status-publish","format-standard","has-post-thumbnail","hentry","category-programmation","tag-34"],"_links":{"self":[{"href":"https:\/\/munsterjazz.fr\/index.php\/wp-json\/wp\/v2\/posts\/2740","targetHints":{"allow":["GET"]}}],"collection":[{"href":"https:\/\/munsterjazz.fr\/index.php\/wp-json\/wp\/v2\/posts"}],"about":[{"href":"https:\/\/munsterjazz.fr\/index.php\/wp-json\/wp\/v2\/types\/post"}],"author":[{"embeddable":true,"href":"https:\/\/munsterjazz.fr\/index.php\/wp-json\/wp\/v2\/users\/1"}],"replies":[{"embeddable":true,"href":"https:\/\/munsterjazz.fr\/index.php\/wp-json\/wp\/v2\/comments?post=2740"}],"version-history":[{"count":5,"href":"https:\/\/munsterjazz.fr\/index.php\/wp-json\/wp\/v2\/posts\/2740\/revisions"}],"predecessor-version":[{"id":5891,"href":"https:\/\/munsterjazz.fr\/index.php\/wp-json\/wp\/v2\/posts\/2740\/revisions\/5891"}],"wp:featuredmedia":[{"embeddable":true,"href":"https:\/\/munsterjazz.fr\/index.php\/wp-json\/wp\/v2\/media\/3155"}],"wp:attachment":[{"href":"https:\/\/munsterjazz.fr\/index.php\/wp-json\/wp\/v2\/media?parent=2740"}],"wp:term":[{"taxonomy":"category","embeddable":true,"href":"https:\/\/munsterjazz.fr\/index.php\/wp-json\/wp\/v2\/categories?post=2740"},{"taxonomy":"post_tag","embeddable":true,"href":"https:\/\/munsterjazz.fr\/index.php\/wp-json\/wp\/v2\/tags?post=2740"}],"curies":[{"name":"wp","href":"https:\/\/api.w.org\/{rel}","templated":true}]}}