{"id":2730,"date":"2025-02-09T17:00:22","date_gmt":"2025-02-09T16:00:22","guid":{"rendered":"https:\/\/www.formation-wp.vallees-connectees.alsace\/michele\/?p=2730"},"modified":"2026-03-28T18:07:18","modified_gmt":"2026-03-28T17:07:18","slug":"hommage-au-vibrationniste-michel-hausser","status":"publish","type":"post","link":"https:\/\/munsterjazz.fr\/index.php\/2025\/02\/09\/hommage-au-vibrationniste-michel-hausser\/","title":{"rendered":"Hommage au vibrationniste Michel Hausser"},"content":{"rendered":"\n<p class=\" eplus-wrapper\">C\u2019est&nbsp;le bassiste WERNER BRUM, fid\u00e8le compagnon de route musical et ami de MICHEL HAUSSER depuis plus de 50 ans qui&nbsp; avait d\u00e9cid\u00e9 il y a d\u00e9j\u00e0 quelque temps de faire conna\u00eetre certaines des compositions du c\u00e9l\u00e8bre vibraphoniste et fondateur du festival, en les adaptant \u00e0 son \u201c Feeling Jazz Quintet \u201c, compos\u00e9 d\u2019un trompettiste, d\u2019un saxophoniste , d\u2019un pianiste, d\u2019un contrebassiste, et d\u2019un batteur.<\/p>\n\n\n\n<p class=\" eplus-wrapper\">Suite au d\u00e9c\u00e8s de MICHEL HAUSSER, c\u2019est tout naturellement \u00e0 WERNER BRUM qu\u2019a \u00e9t\u00e9 confi\u00e9 le concert hommage. Un autre fid\u00e8le compagnon, le guitariste BERNARD HERTRICH,&nbsp; rejoindra \u00e9galement le Quintet pour cette occasion.<br>En l\u2019absence du saxophoniste habituel du Feeling Jazz Quintet, WERNER BRUM a fait appel \u00e0 l\u2019excellent saxophoniste et fl\u00fbtiste, HERVE MESCHINET, ami de longue date de MICHEL.<\/p>\n\n\n\n<p class=\" eplus-wrapper\"><strong>ERIC THEILLER: trompette<br>THOMAS MARCUOLA: piano&nbsp;<br>WERNER BRUM : contrebasse&nbsp;<br>DANIEL DUPRET: batterie<br>avec HERVE MESCHINET saxophone et<br>BERNARD HERTRICH, guitariste<\/strong><\/p>\n\n\n\n<figure class=\" wp-block-image size-large eplus-wrapper\"><img decoding=\"async\" src=\"https:\/\/www.formation-wp.vallees-connectees.alsace\/michele\/wp-content\/uploads\/2024\/10\/Photo-Orchestre-Hommage-Michel-Hausser-1-1024x593.jpg\" alt=\"\" class=\"wp-image-445\"\/><\/figure>\n","protected":false},"excerpt":{"rendered":"<p>C\u2019est&nbsp;le bassiste WERNER BRUM, fid\u00e8le compagnon de route musical et ami de MICHEL HAUSSER depuis plus de 50 ans qui&nbsp; avait d\u00e9cid\u00e9 il y a d\u00e9j\u00e0 quelque temps de faire conna\u00eetre certaines des compositions du c\u00e9l\u00e8bre vibraphoniste et fondateur du festival, en les adaptant \u00e0 son \u201c Feeling Jazz Quintet<\/p>\n","protected":false},"author":1,"featured_media":3175,"comment_status":"closed","ping_status":"open","sticky":false,"template":"","format":"standard","meta":{"inline_featured_image":false,"editor_plus_copied_stylings":"{}","footnotes":""},"categories":[9],"tags":[34],"class_list":["post-2730","post","type-post","status-publish","format-standard","has-post-thumbnail","hentry","category-programmation","tag-34"],"_links":{"self":[{"href":"https:\/\/munsterjazz.fr\/index.php\/wp-json\/wp\/v2\/posts\/2730","targetHints":{"allow":["GET"]}}],"collection":[{"href":"https:\/\/munsterjazz.fr\/index.php\/wp-json\/wp\/v2\/posts"}],"about":[{"href":"https:\/\/munsterjazz.fr\/index.php\/wp-json\/wp\/v2\/types\/post"}],"author":[{"embeddable":true,"href":"https:\/\/munsterjazz.fr\/index.php\/wp-json\/wp\/v2\/users\/1"}],"replies":[{"embeddable":true,"href":"https:\/\/munsterjazz.fr\/index.php\/wp-json\/wp\/v2\/comments?post=2730"}],"version-history":[{"count":2,"href":"https:\/\/munsterjazz.fr\/index.php\/wp-json\/wp\/v2\/posts\/2730\/revisions"}],"predecessor-version":[{"id":5079,"href":"https:\/\/munsterjazz.fr\/index.php\/wp-json\/wp\/v2\/posts\/2730\/revisions\/5079"}],"wp:featuredmedia":[{"embeddable":true,"href":"https:\/\/munsterjazz.fr\/index.php\/wp-json\/wp\/v2\/media\/3175"}],"wp:attachment":[{"href":"https:\/\/munsterjazz.fr\/index.php\/wp-json\/wp\/v2\/media?parent=2730"}],"wp:term":[{"taxonomy":"category","embeddable":true,"href":"https:\/\/munsterjazz.fr\/index.php\/wp-json\/wp\/v2\/categories?post=2730"},{"taxonomy":"post_tag","embeddable":true,"href":"https:\/\/munsterjazz.fr\/index.php\/wp-json\/wp\/v2\/tags?post=2730"}],"curies":[{"name":"wp","href":"https:\/\/api.w.org\/{rel}","templated":true}]}}