{"id":2721,"date":"2025-02-09T17:00:22","date_gmt":"2025-02-09T16:00:22","guid":{"rendered":"https:\/\/www.formation-wp.vallees-connectees.alsace\/michele\/?p=2721"},"modified":"2026-03-17T20:18:01","modified_gmt":"2026-03-17T19:18:01","slug":"marcel-loeffler","status":"publish","type":"post","link":"https:\/\/munsterjazz.fr\/index.php\/2025\/02\/09\/marcel-loeffler\/","title":{"rendered":"Marcel Loeffler"},"content":{"rendered":"\n<p class=\" eplus-wrapper\">Marcel Loeffler, un styliste hors pair.&nbsp;Tout d\u2019abord un son, un phras\u00e9 a\u00e9rien et limpide conjuguant swing l\u00e9ger, \u00e9l\u00e9gance et lyrisme, un \u00e0 propos constant dans ses ponctuations et ses contrechants et un sens aigu de l\u2019improvisation&nbsp;; il peut musarder autour de la m\u00e9lodie avec une inspiration sans faille ou ponctuer son discours de quelques acc\u00e9l\u00e9rations virtuoses jamais gratuites&nbsp;; car Marcel a d\u00e9pass\u00e9 depuis longtemps le stade de la virtuosit\u00e9&nbsp;; ce qui l\u2019int\u00e9resse c\u2019est de jouer de mani\u00e8re r\u00e9fl\u00e9chie, plus \u00e9labor\u00e9e, de construire quelque chose de coh\u00e9rent, jouer sur les nuances, tenir la note&nbsp;; pour lui la musique est avant tout \u00e9motionnelle.<\/p>\n\n\n\n<p class=\" eplus-wrapper\"><strong>Marcel Loeffler : <\/strong>accord\u00e9on<strong><br>C\u00e9dric Loeffler : <\/strong>guitare rythmique<strong><br>Mike Reinhardt : <\/strong>guitare solo<strong><br>Gino Roman : <\/strong>contrebasse<\/p>\n\n\n\n<p class=\" eplus-wrapper\">Ils nous enchanteront avec <strong>des standards manouches de Django Reinhardt<\/strong> ainsi que des <strong>compositions personnelles sur d&#8217;autres standards de jazz<\/strong>.<\/p>\n\n\n\n<p class=\" eplus-wrapper\"><\/p>\n\n\n\n<p class=\" eplus-wrapper\"><\/p>\n","protected":false},"excerpt":{"rendered":"<p>Marcel Loeffler, un styliste hors pair.&nbsp;Tout d\u2019abord un son, un phras\u00e9 a\u00e9rien et limpide conjuguant swing l\u00e9ger, \u00e9l\u00e9gance et lyrisme, un \u00e0 propos constant dans ses ponctuations et ses contrechants et un sens aigu de l\u2019improvisation&nbsp;; il peut musarder autour de la m\u00e9lodie avec une inspiration sans faille ou ponctuer<\/p>\n","protected":false},"author":1,"featured_media":4055,"comment_status":"closed","ping_status":"open","sticky":false,"template":"","format":"standard","meta":{"inline_featured_image":false,"editor_plus_copied_stylings":"{}","footnotes":""},"categories":[9],"tags":[39],"class_list":["post-2721","post","type-post","status-publish","format-standard","has-post-thumbnail","hentry","category-programmation","tag-39"],"_links":{"self":[{"href":"https:\/\/munsterjazz.fr\/index.php\/wp-json\/wp\/v2\/posts\/2721","targetHints":{"allow":["GET"]}}],"collection":[{"href":"https:\/\/munsterjazz.fr\/index.php\/wp-json\/wp\/v2\/posts"}],"about":[{"href":"https:\/\/munsterjazz.fr\/index.php\/wp-json\/wp\/v2\/types\/post"}],"author":[{"embeddable":true,"href":"https:\/\/munsterjazz.fr\/index.php\/wp-json\/wp\/v2\/users\/1"}],"replies":[{"embeddable":true,"href":"https:\/\/munsterjazz.fr\/index.php\/wp-json\/wp\/v2\/comments?post=2721"}],"version-history":[{"count":9,"href":"https:\/\/munsterjazz.fr\/index.php\/wp-json\/wp\/v2\/posts\/2721\/revisions"}],"predecessor-version":[{"id":5054,"href":"https:\/\/munsterjazz.fr\/index.php\/wp-json\/wp\/v2\/posts\/2721\/revisions\/5054"}],"wp:featuredmedia":[{"embeddable":true,"href":"https:\/\/munsterjazz.fr\/index.php\/wp-json\/wp\/v2\/media\/4055"}],"wp:attachment":[{"href":"https:\/\/munsterjazz.fr\/index.php\/wp-json\/wp\/v2\/media?parent=2721"}],"wp:term":[{"taxonomy":"category","embeddable":true,"href":"https:\/\/munsterjazz.fr\/index.php\/wp-json\/wp\/v2\/categories?post=2721"},{"taxonomy":"post_tag","embeddable":true,"href":"https:\/\/munsterjazz.fr\/index.php\/wp-json\/wp\/v2\/tags?post=2721"}],"curies":[{"name":"wp","href":"https:\/\/api.w.org\/{rel}","templated":true}]}}