{"id":2581,"date":"2025-02-09T17:00:22","date_gmt":"2025-02-09T16:00:22","guid":{"rendered":"https:\/\/www.formation-wp.vallees-connectees.alsace\/michele\/?p=2581"},"modified":"2026-03-17T20:36:40","modified_gmt":"2026-03-17T19:36:40","slug":"evenement-1","status":"publish","type":"post","link":"https:\/\/munsterjazz.fr\/index.php\/2025\/02\/09\/evenement-1\/","title":{"rendered":"Alba Obert Quartet"},"content":{"rendered":"\n<p class=\" eplus-wrapper\">Avec leur album Kal\u00e9idoscopes salu\u00e9 par la critique, le quartet emmen\u00e9 par la chanteuse et violoniste Alba Obert trace des ponts entre diff\u00e9rents univers esth\u00e9tiques, du <strong>jazz-rock \u00e9lectrique<\/strong> \u00e0 l\u2019entrain des musiques balkaniques en passant par un <strong>certain classicisme<\/strong>. C\u2019est avec conviction et complicit\u00e9 que les musiciens nous convient \u00e0 un voyage aussi in\u00e9dit que virtuose.<\/p>\n\n\n\n<p class=\" eplus-wrapper\"><strong>Alba Obert : violon <br>Gaspart Berton : piano<br>Nicolas Fleury : basse<br>L\u00e9o Tochon : batterie<\/strong><\/p>\n","protected":false},"excerpt":{"rendered":"<p>Avec leur album Kal\u00e9idoscopes salu\u00e9 par la critique, le quartet emmen\u00e9 par la chanteuse et violoniste Alba Obert trace des ponts entre diff\u00e9rents univers esth\u00e9tiques, du jazz-rock \u00e9lectrique \u00e0 l\u2019entrain des musiques balkaniques en passant par un certain classicisme. C\u2019est avec conviction et complicit\u00e9 que les musiciens nous convient \u00e0<\/p>\n","protected":false},"author":1,"featured_media":4250,"comment_status":"closed","ping_status":"open","sticky":false,"template":"","format":"standard","meta":{"inline_featured_image":false,"editor_plus_copied_stylings":"{}","footnotes":""},"categories":[9],"tags":[39],"class_list":["post-2581","post","type-post","status-publish","format-standard","has-post-thumbnail","hentry","category-programmation","tag-39"],"_links":{"self":[{"href":"https:\/\/munsterjazz.fr\/index.php\/wp-json\/wp\/v2\/posts\/2581","targetHints":{"allow":["GET"]}}],"collection":[{"href":"https:\/\/munsterjazz.fr\/index.php\/wp-json\/wp\/v2\/posts"}],"about":[{"href":"https:\/\/munsterjazz.fr\/index.php\/wp-json\/wp\/v2\/types\/post"}],"author":[{"embeddable":true,"href":"https:\/\/munsterjazz.fr\/index.php\/wp-json\/wp\/v2\/users\/1"}],"replies":[{"embeddable":true,"href":"https:\/\/munsterjazz.fr\/index.php\/wp-json\/wp\/v2\/comments?post=2581"}],"version-history":[{"count":8,"href":"https:\/\/munsterjazz.fr\/index.php\/wp-json\/wp\/v2\/posts\/2581\/revisions"}],"predecessor-version":[{"id":5055,"href":"https:\/\/munsterjazz.fr\/index.php\/wp-json\/wp\/v2\/posts\/2581\/revisions\/5055"}],"wp:featuredmedia":[{"embeddable":true,"href":"https:\/\/munsterjazz.fr\/index.php\/wp-json\/wp\/v2\/media\/4250"}],"wp:attachment":[{"href":"https:\/\/munsterjazz.fr\/index.php\/wp-json\/wp\/v2\/media?parent=2581"}],"wp:term":[{"taxonomy":"category","embeddable":true,"href":"https:\/\/munsterjazz.fr\/index.php\/wp-json\/wp\/v2\/categories?post=2581"},{"taxonomy":"post_tag","embeddable":true,"href":"https:\/\/munsterjazz.fr\/index.php\/wp-json\/wp\/v2\/tags?post=2581"}],"curies":[{"name":"wp","href":"https:\/\/api.w.org\/{rel}","templated":true}]}}